[{"@context":"https:\/\/schema.org\/","@type":"Article","@id":"https:\/\/www.rvmfm.fr\/motos-et-voitures\/#Article","mainEntityOfPage":"https:\/\/www.rvmfm.fr\/motos-et-voitures\/","headline":"Motos et voitures","name":"Motos et voitures","description":"Je me souviens du jour o\u00f9 mon fr\u00e8re m\\&#8217;a appel\u00e9 pour que je vienne le chercher parce qu\\&#8217;il avait eu un accident de voiture. J\\&#8217;\u00e9tais vraiment choqu\u00e9, comment mon fr\u00e8re pouvait-il avoir un accident de voiture alors qu\\&#8217;il conduisait depuis tr\u00e8s longtemps. J\\&#8217;\u00e9tais vraiment surprise. J\\&#8217;ai eu peur. J\\&#8217;ai pens\u00e9 que le conducteur de la moto aurait peut-\u00eatre pu \u00eatre [&hellip;]","datePublished":"2023-08-14","dateModified":"2023-08-14","author":{"@type":"Person","@id":"https:\/\/www.rvmfm.fr\/author\/#Person","name":"","url":"https:\/\/www.rvmfm.fr\/author\/","identifier":1,"image":{"@type":"ImageObject","@id":"https:\/\/secure.gravatar.com\/avatar\/e1629206dbcdd39ad2b75cad97ca59670e29a5a134f2605d5414f1deeec462dc?s=96&d=mm&r=g","url":"https:\/\/secure.gravatar.com\/avatar\/e1629206dbcdd39ad2b75cad97ca59670e29a5a134f2605d5414f1deeec462dc?s=96&d=mm&r=g","height":96,"width":96}},"publisher":{"@type":"Organization","name":"rvmfm.fr","logo":{"@type":"ImageObject","@id":"\/logo.png","url":"\/logo.png","width":600,"height":60}},"image":{"@type":"ImageObject","@id":"https:\/\/www.rvmfm.fr\/wp-content\/uploads\/crime-scene-6490202_1280.jpg","url":"https:\/\/www.rvmfm.fr\/wp-content\/uploads\/crime-scene-6490202_1280.jpg","height":0,"width":0},"url":"https:\/\/www.rvmfm.fr\/motos-et-voitures\/","about":["Moto"],"wordCount":470,"articleBody":"Je me souviens du jour o\u00f9 mon fr\u00e8re m\\&#8217;a appel\u00e9 pour que je vienne le chercher parce qu\\&#8217;il avait eu un accident de voiture. J\\&#8217;\u00e9tais vraiment choqu\u00e9, comment mon fr\u00e8re pouvait-il avoir un accident de voiture alors qu\\&#8217;il conduisait depuis tr\u00e8s longtemps. J\\&#8217;\u00e9tais vraiment surprise. J\\&#8217;ai eu peur. J\\&#8217;ai pens\u00e9 que le conducteur de la moto aurait peut-\u00eatre pu \u00eatre sauv\u00e9. Par la suite, mon fr\u00e8re m\\&#8217;a dit qu\\&#8217;il allait bien mais qu\\&#8217;il \u00e9tait en \u00e9tat de choc, alors je suis imm\u00e9diatement all\u00e9e le chercher. Une ambulance \u00e9tait arriv\u00e9e et le motard \u00e9tait en train d\\&#8217;\u00eatre charg\u00e9 dans l\\&#8217;ambulance. J\\&#8217;ai \u00e9t\u00e9 choqu\u00e9 de voir que ce n\\&#8217;\u00e9tait pas possible. J\\&#8217;ai pens\u00e9 que j\\&#8217;\u00e9tais dans une sorte de mauvais r\u00eave, un cauchemar.  Puis mon fr\u00e8re m\\&#8217;a dit que le motard n\\&#8217;avait pas c\u00e9d\u00e9 sa place. Il m\\&#8217;a dit qu\\&#8217;il n\\&#8217;avait pas c\u00e9d\u00e9 le passage du tout, qu\\&#8217;il roulait normalement et que le motard l\\&#8217;avait percut\u00e9 de plein fouet par le c\u00f4t\u00e9. Mon fr\u00e8re \u00e9tait content que la moto l\\&#8217;ait percut\u00e9 par le c\u00f4t\u00e9, l\u00e0 o\u00f9 il \u00e9tait assis sur le si\u00e8ge passager, mais heureusement il n\\&#8217;y avait personne d\\&#8217;autre sur le si\u00e8ge passager. Si quelqu\\&#8217;un avait \u00e9t\u00e9 assis sur ce si\u00e8ge, cela se serait probablement mal termin\u00e9. Mon fr\u00e8re m\\&#8217;a dit qu\\&#8217;il avait peur de conduire maintenant. Je lui ai dit de ne pas s\\&#8217;inqui\u00e9ter, que ce n\\&#8217;\u00e9tait qu\\&#8217;un accident, et que m\u00eame si je savais que je devais c\u00e9der le passage, je pr\u00e9f\u00e9rais attendre. Mon fr\u00e8re a \u00e9t\u00e9 choqu\u00e9, mais il a dit qu\\&#8217;il avait peur de conduire et qu\\&#8217;il prendrait un cong\u00e9 Finalement, au bout de deux mois environ, mon fr\u00e8re a commenc\u00e9 \u00e0 conduire. Jusqu\\&#8217;\u00e0 pr\u00e9sent, il n\\&#8217;a pris que des taxis ou des bus ou le nombre de fois o\u00f9 je l\\&#8217;ai emmen\u00e9 quelque part. Il m\\&#8217;est arriv\u00e9 de le conduire au magasin ou ailleurs. Et lorsque mon fr\u00e8re a enfin sorti son v\u00e9lo au printemps, il a dit qu\\&#8217;il avait peur lui aussi. Il n\\&#8217;est donc mont\u00e9 que deux ou trois fois sur le v\u00e9lo qu\\&#8217;il avait achet\u00e9 il y a cinq ans parce qu\\&#8217;il avait peur, et je m\\&#8217;en souviens encore. Pourquoi le v\u00e9lo a-t-il heurt\u00e9 sa voiture ? Je ne lui en veux pas parce que j\\&#8217;aurais eu peur moi aussi. Je dois donc \u00eatre prudent moi aussi. Je pourrais rencontrer un idiot qui ne me laisserait pas la priorit\u00e9.                                                                                                                                                                                                                                                                                                                                                                                        4\/5 - (9 votes)        "},{"@context":"https:\/\/schema.org\/","@type":"BreadcrumbList","itemListElement":[{"@type":"ListItem","position":1,"name":"Motos et voitures","item":"https:\/\/www.rvmfm.fr\/motos-et-voitures\/#breadcrumbitem"}]}]